{"id":15461,"date":"2026-05-02T06:56:32","date_gmt":"2026-05-02T09:56:32","guid":{"rendered":"https:\/\/noticiasdeangostura.com.ar\/?p=15461"},"modified":"2026-05-02T06:56:32","modified_gmt":"2026-05-02T09:56:32","slug":"milei-viajo-a-mar-del-plata-para-fotografiarse-con-el-portaaviones-de-estados-unidos","status":"publish","type":"post","link":"https:\/\/noticiasdeangostura.com.ar\/?p=15461","title":{"rendered":"Milei viaj\u00f3 a Mar del Plata para fotografiarse con el portaaviones de Estados Unidos"},"content":{"rendered":"<p> <br \/>\n<br \/><\/p>\n<p>El Presidente particip\u00f3 de una actividad conjunta organizada por el Comando Sur, la Embajada estadounidense y la Armada Argentina. Los ejercicios navales se desarrollan en el Atl\u00e1ntico Sur e incluyen operaciones de b\u00fasqueda y rescate, defensa a\u00e9rea y maniobras t\u00e1cticas.<\/p>\n<p>Javier Milei junto al portaaviones norteamericano.<\/p>\n<div>\n<p>El <strong><a href=\"https:\/\/www.alertadigital.ar\/noticias\/2026\/04\/28\/163038-milei-defendio-el-ajuste-y-critico-a-politicos-y-empresarios\">presidente Javier Milei<\/a> viaj\u00f3 este jueves a Mar del Plata<\/strong> para participar de una actividad militar conjunta con Estados Unidos, luego de la llegada del portaaviones USS Nimitz al Atl\u00e1ntico Sur. La visita al buque form\u00f3 parte de los ejercicios navales organizados por el Comando Sur estadounidense, la <strong>Embajada de Estados Unidos en Argentina<\/strong> y la Armada Argentina.<\/p>\n<p>El mandatario se traslad\u00f3 en un Grumman C-2 Greyhound, una aeronave de transporte utilizada para operar desde y hacia portaaviones. La agenda incluy\u00f3 una demostraci\u00f3n a\u00e9rea con aviones F-18 y helic\u00f3pteros MH-60 Seahawk, en el marco del \u00faltimo d\u00eda de ejercicios frente a las costas de Mar del Plata y Necochea.<\/p>\n<p>La actividad fue <strong>presentada oficialmente como una instancia para reforzar la cooperaci\u00f3n militar<\/strong> y mejorar la interoperabilidad entre ambas fuerzas. Seg\u00fan las publicaciones relevadas, los ejercicios incluyeron operaciones de b\u00fasqueda y rescate, defensa a\u00e9rea con aviones F-18 y t\u00e1cticas navales en columna.<\/p>\n<h2>Una se\u00f1al pol\u00edtica<\/h2>\n<p>El viaje se inscribe en la estrategia de alineamiento del Gobierno nacional con Estados Unidos, tanto en materia diplom\u00e1tica como en el plano de la defensa.<\/p>\n<p>La visita se produjo en el marco del ejercicio Passex 2026, con participaci\u00f3n de unidades de la Armada Argentina y de la Marina de Estados Unidos. Entre los buques argentinos mencionados en la operaci\u00f3n figuran el destructor ARA La Argentina y la corbeta ARA Rosales.<\/p>\n<p>En la comitiva presidencial viajaron el titular de la C\u00e1mara de Diputados, Mart\u00edn Menem; el ministro de Defensa, Carlos Presti; el jefe del Estado Mayor Conjunto, Marcelo Dalle Nogare; y el jefe de la Armada, Juan Carlos Romay. Otros medios consignaron adem\u00e1s la presencia de funcionarios del entorno presidencial en la actividad.<\/p>\n<h2>Ejercicios navales en el Atl\u00e1ntico Sur<\/h2>\n<p>El USS Nimitz es un portaaviones de propulsi\u00f3n nuclear de la Marina de Estados Unidos. Su presencia en aguas del Atl\u00e1ntico Sur se dio luego de su desplazamiento desde el Pac\u00edfico por el Estrecho de Magallanes, seg\u00fan inform\u00f3 El Pa\u00eds.<\/p>\n<p>La agenda naval incluy\u00f3 maniobras combinadas entre ambas fuerzas, con foco en b\u00fasqueda y rescate, defensa a\u00e9rea y coordinaci\u00f3n t\u00e1ctica. Para el Gobierno argentino, la actividad apunta a consolidar la cooperaci\u00f3n bilateral en defensa y a fortalecer capacidades operativas conjuntas.<\/p>\n<p>La foto de Milei en el portaaviones qued\u00f3 as\u00ed asociada a una definici\u00f3n de pol\u00edtica exterior: profundizar el v\u00ednculo con Washington y mostrar a la Argentina como socio estrat\u00e9gico de Estados Unidos en la regi\u00f3n.<\/p>\n<\/p><\/div>\n","protected":false},"excerpt":{"rendered":"<p>El Presidente particip\u00f3 de una actividad conjunta organizada por el Comando Sur, la Embajada estadounidense y la Armada Argentina. Los ejercicios navales se desarrollan en el Atl\u00e1ntico Sur e incluyen operaciones de b\u00fasqueda y rescate, defensa a\u00e9rea y maniobras t\u00e1cticas. Javier Milei junto al portaaviones norteamericano. El presidente Javier Milei viaj\u00f3 este jueves a Mar [&hellip;]<\/p>\n","protected":false},"author":1,"featured_media":15462,"comment_status":"","ping_status":"","sticky":false,"template":"","format":"standard","meta":{"_monsterinsights_skip_tracking":false,"_monsterinsights_sitenote_active":false,"_monsterinsights_sitenote_note":"","_monsterinsights_sitenote_category":0,"footnotes":""},"categories":[1],"tags":[],"class_list":["post-15461","post","type-post","status-publish","format-standard","has-post-thumbnail","hentry","category-ultimas-noticias"],"aioseo_notices":[],"amp_enabled":true,"_links":{"self":[{"href":"https:\/\/noticiasdeangostura.com.ar\/index.php?rest_route=\/wp\/v2\/posts\/15461","targetHints":{"allow":["GET"]}}],"collection":[{"href":"https:\/\/noticiasdeangostura.com.ar\/index.php?rest_route=\/wp\/v2\/posts"}],"about":[{"href":"https:\/\/noticiasdeangostura.com.ar\/index.php?rest_route=\/wp\/v2\/types\/post"}],"author":[{"embeddable":true,"href":"https:\/\/noticiasdeangostura.com.ar\/index.php?rest_route=\/wp\/v2\/users\/1"}],"replies":[{"embeddable":true,"href":"https:\/\/noticiasdeangostura.com.ar\/index.php?rest_route=%2Fwp%2Fv2%2Fcomments&post=15461"}],"version-history":[{"count":0,"href":"https:\/\/noticiasdeangostura.com.ar\/index.php?rest_route=\/wp\/v2\/posts\/15461\/revisions"}],"wp:featuredmedia":[{"embeddable":true,"href":"https:\/\/noticiasdeangostura.com.ar\/index.php?rest_route=\/wp\/v2\/media\/15462"}],"wp:attachment":[{"href":"https:\/\/noticiasdeangostura.com.ar\/index.php?rest_route=%2Fwp%2Fv2%2Fmedia&parent=15461"}],"wp:term":[{"taxonomy":"category","embeddable":true,"href":"https:\/\/noticiasdeangostura.com.ar\/index.php?rest_route=%2Fwp%2Fv2%2Fcategories&post=15461"},{"taxonomy":"post_tag","embeddable":true,"href":"https:\/\/noticiasdeangostura.com.ar\/index.php?rest_route=%2Fwp%2Fv2%2Ftags&post=15461"}],"curies":[{"name":"wp","href":"https:\/\/api.w.org\/{rel}","templated":true}]}}